{"id":1373,"date":"2023-05-22T11:08:42","date_gmt":"2023-05-22T10:08:42","guid":{"rendered":"https:\/\/www.carbonneutralsiena.it\/?p=1373"},"modified":"2023-05-29T09:26:14","modified_gmt":"2023-05-29T08:26:14","slug":"la-provincia-di-siena-si-conferma-carbon-neutral","status":"publish","type":"post","link":"https:\/\/www.carbonneutralsiena.it\/it\/2023\/05\/22\/la-provincia-di-siena-si-conferma-carbon-neutral\/","title":{"rendered":"La provincia di Siena si conferma carbon neutral: l\u2019assorbimento della CO2 dall\u2019atmosfera ha superato del 15% le emissioni dei gas a effetto serra"},"content":{"rendered":"<h5><\/h5>\n<h5><em>Presentati\u00a0 i risultati dell&#8217;inventario dei gas serra della provincia di Siena per il 2020, realizzato dall&#8217;Universit\u00e0 di Siena (<a href=\"https:\/\/www.ecodynamics.unisi.it\/\">Ecodynamics Group<\/a>) e Alleanza Carbon Neutrality\u00a0<\/em><\/h5>\n<p>&nbsp;<\/p>\n<p>Con il<strong> 115% della capacit\u00e0 di assorbimento delle emissioni<\/strong> dei gas a effetto serra, la <strong>provincia di Siena<\/strong> si conferma ancora una volta <strong>carbon neutral<\/strong>, ottenendo degli ottimi risultati in termini di compensazione. \u00a0I dati ufficiali \u00a0sono stati presentati venerd\u00ec 19 maggio, nel corso del <strong>primo appuntamento<\/strong> di <a href=\"https:\/\/www.carbonneutralsiena.it\/it\/conversazioni-2023\/\"><strong>ConversAzioni Carbon Neutral 2023<\/strong><\/a>. Il report<span style=\"font-weight: 400;\"> \u201cI risultati dell&#8217;inventario dei gas serra della provincia di Siena per il 2020&#8243;, a cura dell&#8217;Universit\u00e0 di Siena, fornisce dati fondamentali per attestare la provincia di Siena carbon neutral:\u00a0<\/span><\/p>\n<p>&nbsp;<\/p>\n<blockquote><p><img loading=\"lazy\" decoding=\"async\" class=\"wp-image-1406 alignleft\" src=\"https:\/\/www.carbonneutralsiena.it\/wp-content\/uploads\/2023\/05\/incontro-scuole.png\" alt=\"\" width=\"317\" height=\"317\" srcset=\"https:\/\/www.carbonneutralsiena.it\/wp-content\/uploads\/2023\/05\/incontro-scuole.png 1080w, https:\/\/www.carbonneutralsiena.it\/wp-content\/uploads\/2023\/05\/incontro-scuole-300x300.png 300w, https:\/\/www.carbonneutralsiena.it\/wp-content\/uploads\/2023\/05\/incontro-scuole-1024x1024.png 1024w, https:\/\/www.carbonneutralsiena.it\/wp-content\/uploads\/2023\/05\/incontro-scuole-150x150.png 150w, https:\/\/www.carbonneutralsiena.it\/wp-content\/uploads\/2023\/05\/incontro-scuole-768x768.png 768w, https:\/\/www.carbonneutralsiena.it\/wp-content\/uploads\/2023\/05\/incontro-scuole-570x570.png 570w, https:\/\/www.carbonneutralsiena.it\/wp-content\/uploads\/2023\/05\/incontro-scuole-500x500.png 500w, https:\/\/www.carbonneutralsiena.it\/wp-content\/uploads\/2023\/05\/incontro-scuole-1000x1000.png 1000w, https:\/\/www.carbonneutralsiena.it\/wp-content\/uploads\/2023\/05\/incontro-scuole-700x700.png 700w\" sizes=\"(max-width: 317px) 100vw, 317px\" \/>\u201c<span style=\"font-weight: 400;\">Nel 2020, la provincia di Siena ha emesso 1.201.004 tonnellate di CO<\/span><span style=\"font-weight: 400;\">2-<\/span><span style=\"font-weight: 400;\">eq, contro le 1.345.167 tonnellate di CO<\/span><span style=\"font-weight: 400;\">2<\/span><span style=\"font-weight: 400;\"> del 2019, quasi l\u201911% in meno rispetto all\u2019anno precedente \u2013 dice il <\/span><b>responsabile dell\u2019Inventario dei gas serra per l\u2019Universit\u00e0 di Siena, Federico Maria Pulselli <\/b><span style=\"font-weight: 400;\">\u2013. Rispetto al 2006, anno in cui \u00e8 stato redatto il primo report, \u00e8\u00a0<\/span><\/p>\n<p><span style=\"font-weight: 400;\">stato registrato un calo delle emissioni del 25%<\/span>&#8220;.<\/p>\n<p>\u201cIl risultato positivo del 2020 \u00e8 sicuramente dettato da circostanze straordinarie come il Covid, per cui \u00e8 importante non abbassare la guardia \u2013 dice i<strong>l presidente di Alleanza Territoriale Carbon Neutrality Siena, Simone Bastianoni<\/strong> \u2013. Continuando con la raccolta e l\u2019analisi dei dati degli anni successivi sar\u00e0 possibile capire se il ritorno alla normalit\u00e0 e la ripresa delle attivit\u00e0 economiche metteranno a rischio la Carbon neutrality\u201d.<\/p><\/blockquote>\n<p>&nbsp;<\/p>\n<p><span style=\"font-weight: 400;\">Come riportato nello <a href=\"https:\/\/www.carbonneutralsiena.it\/wp-content\/uploads\/2023\/05\/SummaryReport_Bilancio-delle-emissioni-dei-gas-ad-effetto-serra-per-il-territorio-della-Provincia-di-Siena-2020.pdf\">studio<\/a>, dopo un progressivo aumento nel triennio 2017-2019, le emissioni sono diminuite nel 2020 principalmente a causa della riduzione del consumo di combustibili fossili dovuta agli effetti correlati al contenimento della <\/span><b>pandemia da Covid: <\/b><span style=\"font-weight: 400;\">il settore energetico ha visto un considerevole calo di tutti i consumi di carburanti (-29,2%) e, in particolare, della quantit\u00e0 di combustibili fossili per l\u2019autotrazione (-20,5%). Anche le attivit\u00e0 industriali hanno ridotto la propria produzione e di conseguenza anche le emissioni di gas serra (-12,5%).<\/span><\/p>\n<p><span style=\"font-weight: 400;\">La <\/span><b>provincia di Siena<\/b><span style=\"font-weight: 400;\"> \u00e8 stata, nel 2013, la <\/span><b>prima area vasta in Europa a emissione zero di CO<\/b><b>2<\/b><span style=\"font-weight: 400;\">, obiettivo che l\u2019Unione Europea si \u00e8 data per il 2050.<\/span><\/p>\n<div style=\"float: center; margin: 6px 24px 2px 2px;\">\n<p><iframe loading=\"lazy\" title=\"YouTube video player\" src=\"https:\/\/www.youtube.com\/embed\/cU5J3snVKNo\" width=\"560\" height=\"315\" frameborder=\"0px\" allowfullscreen=\"allowfullscreen\"><\/iframe><\/p>\n<\/div>\n","protected":false},"excerpt":{"rendered":"<p>Presentati\u00a0 i risultati dell&#8217;inventario dei gas serra della provincia di Siena per il 2020, realizzato dall&#8217;Universit\u00e0 di Siena (Ecodynamics Group) e Alleanza Carbon Neutrality\u00a0 &nbsp; Con il 115% della capacit\u00e0 di assorbimento delle emissioni dei gas a effetto serra, la provincia di Siena si conferma&#8230;<\/p>\n","protected":false},"author":5,"featured_media":1404,"comment_status":"closed","ping_status":"closed","sticky":false,"template":"","format":"standard","meta":{"footnotes":""},"categories":[15],"tags":[61,66,64,63,59,62,39,55,65],"yoast_head":"<!-- This site is optimized with the Yoast SEO plugin v22.1 - https:\/\/yoast.com\/wordpress\/plugins\/seo\/ -->\n<title>La provincia di Siena si conferma carbon neutral: l\u2019assorbimento della CO2 dall\u2019atmosfera ha superato del 15% le emissioni dei gas a effetto serra - Alleanza Territoriale Carbon Neutrality Siena<\/title>\n<meta name=\"description\" content=\"Siena si conferma carbon neutral. Questo il risultato dell&#039;inventario dei gas serra della provincia di Siena per il 2020, a cura dell&#039;Universit\u00e0 di Siena e Alleanza Territoriale Carbon neutral Siena\" \/>\n<meta name=\"robots\" content=\"index, follow, max-snippet:-1, max-image-preview:large, max-video-preview:-1\" \/>\n<link rel=\"canonical\" href=\"https:\/\/www.carbonneutralsiena.it\/it\/2023\/05\/22\/la-provincia-di-siena-si-conferma-carbon-neutral\/\" \/>\n<meta property=\"og:locale\" content=\"it_IT\" \/>\n<meta property=\"og:type\" content=\"article\" \/>\n<meta property=\"og:title\" content=\"La provincia di Siena si conferma carbon neutral: l\u2019assorbimento della CO2 dall\u2019atmosfera ha superato del 15% le emissioni dei gas a effetto serra - Alleanza Territoriale Carbon Neutrality Siena\" \/>\n<meta property=\"og:description\" content=\"Siena si conferma carbon neutral. Questo il risultato dell&#039;inventario dei gas serra della provincia di Siena per il 2020, a cura dell&#039;Universit\u00e0 di Siena e Alleanza Territoriale Carbon neutral Siena\" \/>\n<meta property=\"og:url\" content=\"https:\/\/www.carbonneutralsiena.it\/it\/2023\/05\/22\/la-provincia-di-siena-si-conferma-carbon-neutral\/\" \/>\n<meta property=\"og:site_name\" content=\"Alleanza Territoriale Carbon Neutrality Siena\" \/>\n<meta property=\"article:published_time\" content=\"2023-05-22T10:08:42+00:00\" \/>\n<meta property=\"article:modified_time\" content=\"2023-05-29T08:26:14+00:00\" \/>\n<meta property=\"og:image\" content=\"https:\/\/www.carbonneutralsiena.it\/wp-content\/uploads\/2023\/05\/Presentazione-report-emissioni-gas-serra.png\" \/>\n\t<meta property=\"og:image:width\" content=\"1200\" \/>\n\t<meta property=\"og:image:height\" content=\"630\" \/>\n\t<meta property=\"og:image:type\" content=\"image\/png\" \/>\n<meta name=\"author\" content=\"Fabiola Tropea\" \/>\n<meta name=\"twitter:card\" content=\"summary_large_image\" \/>\n<meta name=\"twitter:label1\" content=\"Scritto da\" \/>\n\t<meta name=\"twitter:data1\" content=\"Fabiola Tropea\" \/>\n\t<meta name=\"twitter:label2\" content=\"Tempo di lettura stimato\" \/>\n\t<meta name=\"twitter:data2\" content=\"2 minuti\" \/>\n<script type=\"application\/ld+json\" class=\"yoast-schema-graph\">{\"@context\":\"https:\/\/schema.org\",\"@graph\":[{\"@type\":\"WebPage\",\"@id\":\"https:\/\/www.carbonneutralsiena.it\/it\/2023\/05\/22\/la-provincia-di-siena-si-conferma-carbon-neutral\/\",\"url\":\"https:\/\/www.carbonneutralsiena.it\/it\/2023\/05\/22\/la-provincia-di-siena-si-conferma-carbon-neutral\/\",\"name\":\"La provincia di Siena si conferma carbon neutral: l\u2019assorbimento della CO2 dall\u2019atmosfera ha superato del 15% le emissioni dei gas a effetto serra - Alleanza Territoriale Carbon Neutrality Siena\",\"isPartOf\":{\"@id\":\"https:\/\/www.carbonneutralsiena.it\/it\/#website\"},\"datePublished\":\"2023-05-22T10:08:42+00:00\",\"dateModified\":\"2023-05-29T08:26:14+00:00\",\"author\":{\"@id\":\"https:\/\/www.carbonneutralsiena.it\/it\/#\/schema\/person\/45cc67fdf6630d8a575c64b13f4c9a43\"},\"description\":\"Siena si conferma carbon neutral. Questo il risultato dell'inventario dei gas serra della provincia di Siena per il 2020, a cura dell'Universit\u00e0 di Siena e Alleanza Territoriale Carbon neutral Siena\",\"breadcrumb\":{\"@id\":\"https:\/\/www.carbonneutralsiena.it\/it\/2023\/05\/22\/la-provincia-di-siena-si-conferma-carbon-neutral\/#breadcrumb\"},\"inLanguage\":\"it-IT\",\"potentialAction\":[{\"@type\":\"ReadAction\",\"target\":[\"https:\/\/www.carbonneutralsiena.it\/it\/2023\/05\/22\/la-provincia-di-siena-si-conferma-carbon-neutral\/\"]}]},{\"@type\":\"BreadcrumbList\",\"@id\":\"https:\/\/www.carbonneutralsiena.it\/it\/2023\/05\/22\/la-provincia-di-siena-si-conferma-carbon-neutral\/#breadcrumb\",\"itemListElement\":[{\"@type\":\"ListItem\",\"position\":1,\"name\":\"Home\",\"item\":\"https:\/\/www.carbonneutralsiena.it\/it\/\"},{\"@type\":\"ListItem\",\"position\":2,\"name\":\"La provincia di Siena si conferma carbon neutral: l\u2019assorbimento della CO2 dall\u2019atmosfera ha superato del 15% le emissioni dei gas a effetto serra\"}]},{\"@type\":\"WebSite\",\"@id\":\"https:\/\/www.carbonneutralsiena.it\/it\/#website\",\"url\":\"https:\/\/www.carbonneutralsiena.it\/it\/\",\"name\":\"Alleanza Territoriale Carbon Neutrality Siena\",\"description\":\"Alleanza Territoriale Carbon Neutrality Siena\",\"potentialAction\":[{\"@type\":\"SearchAction\",\"target\":{\"@type\":\"EntryPoint\",\"urlTemplate\":\"https:\/\/www.carbonneutralsiena.it\/it\/?s={search_term_string}\"},\"query-input\":\"required name=search_term_string\"}],\"inLanguage\":\"it-IT\"},{\"@type\":\"Person\",\"@id\":\"https:\/\/www.carbonneutralsiena.it\/it\/#\/schema\/person\/45cc67fdf6630d8a575c64b13f4c9a43\",\"name\":\"Fabiola Tropea\",\"image\":{\"@type\":\"ImageObject\",\"inLanguage\":\"it-IT\",\"@id\":\"https:\/\/www.carbonneutralsiena.it\/it\/#\/schema\/person\/image\/\",\"url\":\"https:\/\/secure.gravatar.com\/avatar\/0b151421f7db9771591aac7067b85028?s=96&d=mm&r=g\",\"contentUrl\":\"https:\/\/secure.gravatar.com\/avatar\/0b151421f7db9771591aac7067b85028?s=96&d=mm&r=g\",\"caption\":\"Fabiola Tropea\"},\"url\":\"https:\/\/www.carbonneutralsiena.it\/it\/author\/fabiola-tropea\/\"}]}<\/script>\n<!-- \/ Yoast SEO plugin. -->","yoast_head_json":{"title":"La provincia di Siena si conferma carbon neutral: l\u2019assorbimento della CO2 dall\u2019atmosfera ha superato del 15% le emissioni dei gas a effetto serra - Alleanza Territoriale Carbon Neutrality Siena","description":"Siena si conferma carbon neutral. Questo il risultato dell'inventario dei gas serra della provincia di Siena per il 2020, a cura dell'Universit\u00e0 di Siena e Alleanza Territoriale Carbon neutral Siena","robots":{"index":"index","follow":"follow","max-snippet":"max-snippet:-1","max-image-preview":"max-image-preview:large","max-video-preview":"max-video-preview:-1"},"canonical":"https:\/\/www.carbonneutralsiena.it\/it\/2023\/05\/22\/la-provincia-di-siena-si-conferma-carbon-neutral\/","og_locale":"it_IT","og_type":"article","og_title":"La provincia di Siena si conferma carbon neutral: l\u2019assorbimento della CO2 dall\u2019atmosfera ha superato del 15% le emissioni dei gas a effetto serra - Alleanza Territoriale Carbon Neutrality Siena","og_description":"Siena si conferma carbon neutral. Questo il risultato dell'inventario dei gas serra della provincia di Siena per il 2020, a cura dell'Universit\u00e0 di Siena e Alleanza Territoriale Carbon neutral Siena","og_url":"https:\/\/www.carbonneutralsiena.it\/it\/2023\/05\/22\/la-provincia-di-siena-si-conferma-carbon-neutral\/","og_site_name":"Alleanza Territoriale Carbon Neutrality Siena","article_published_time":"2023-05-22T10:08:42+00:00","article_modified_time":"2023-05-29T08:26:14+00:00","og_image":[{"width":1200,"height":630,"url":"https:\/\/www.carbonneutralsiena.it\/wp-content\/uploads\/2023\/05\/Presentazione-report-emissioni-gas-serra.png","type":"image\/png"}],"author":"Fabiola Tropea","twitter_card":"summary_large_image","twitter_misc":{"Scritto da":"Fabiola Tropea","Tempo di lettura stimato":"2 minuti"},"schema":{"@context":"https:\/\/schema.org","@graph":[{"@type":"WebPage","@id":"https:\/\/www.carbonneutralsiena.it\/it\/2023\/05\/22\/la-provincia-di-siena-si-conferma-carbon-neutral\/","url":"https:\/\/www.carbonneutralsiena.it\/it\/2023\/05\/22\/la-provincia-di-siena-si-conferma-carbon-neutral\/","name":"La provincia di Siena si conferma carbon neutral: l\u2019assorbimento della CO2 dall\u2019atmosfera ha superato del 15% le emissioni dei gas a effetto serra - Alleanza Territoriale Carbon Neutrality Siena","isPartOf":{"@id":"https:\/\/www.carbonneutralsiena.it\/it\/#website"},"datePublished":"2023-05-22T10:08:42+00:00","dateModified":"2023-05-29T08:26:14+00:00","author":{"@id":"https:\/\/www.carbonneutralsiena.it\/it\/#\/schema\/person\/45cc67fdf6630d8a575c64b13f4c9a43"},"description":"Siena si conferma carbon neutral. Questo il risultato dell'inventario dei gas serra della provincia di Siena per il 2020, a cura dell'Universit\u00e0 di Siena e Alleanza Territoriale Carbon neutral Siena","breadcrumb":{"@id":"https:\/\/www.carbonneutralsiena.it\/it\/2023\/05\/22\/la-provincia-di-siena-si-conferma-carbon-neutral\/#breadcrumb"},"inLanguage":"it-IT","potentialAction":[{"@type":"ReadAction","target":["https:\/\/www.carbonneutralsiena.it\/it\/2023\/05\/22\/la-provincia-di-siena-si-conferma-carbon-neutral\/"]}]},{"@type":"BreadcrumbList","@id":"https:\/\/www.carbonneutralsiena.it\/it\/2023\/05\/22\/la-provincia-di-siena-si-conferma-carbon-neutral\/#breadcrumb","itemListElement":[{"@type":"ListItem","position":1,"name":"Home","item":"https:\/\/www.carbonneutralsiena.it\/it\/"},{"@type":"ListItem","position":2,"name":"La provincia di Siena si conferma carbon neutral: l\u2019assorbimento della CO2 dall\u2019atmosfera ha superato del 15% le emissioni dei gas a effetto serra"}]},{"@type":"WebSite","@id":"https:\/\/www.carbonneutralsiena.it\/it\/#website","url":"https:\/\/www.carbonneutralsiena.it\/it\/","name":"Alleanza Territoriale Carbon Neutrality Siena","description":"Alleanza Territoriale Carbon Neutrality Siena","potentialAction":[{"@type":"SearchAction","target":{"@type":"EntryPoint","urlTemplate":"https:\/\/www.carbonneutralsiena.it\/it\/?s={search_term_string}"},"query-input":"required name=search_term_string"}],"inLanguage":"it-IT"},{"@type":"Person","@id":"https:\/\/www.carbonneutralsiena.it\/it\/#\/schema\/person\/45cc67fdf6630d8a575c64b13f4c9a43","name":"Fabiola Tropea","image":{"@type":"ImageObject","inLanguage":"it-IT","@id":"https:\/\/www.carbonneutralsiena.it\/it\/#\/schema\/person\/image\/","url":"https:\/\/secure.gravatar.com\/avatar\/0b151421f7db9771591aac7067b85028?s=96&d=mm&r=g","contentUrl":"https:\/\/secure.gravatar.com\/avatar\/0b151421f7db9771591aac7067b85028?s=96&d=mm&r=g","caption":"Fabiola Tropea"},"url":"https:\/\/www.carbonneutralsiena.it\/it\/author\/fabiola-tropea\/"}]}},"_links":{"self":[{"href":"https:\/\/www.carbonneutralsiena.it\/it\/wp-json\/wp\/v2\/posts\/1373"}],"collection":[{"href":"https:\/\/www.carbonneutralsiena.it\/it\/wp-json\/wp\/v2\/posts"}],"about":[{"href":"https:\/\/www.carbonneutralsiena.it\/it\/wp-json\/wp\/v2\/types\/post"}],"author":[{"embeddable":true,"href":"https:\/\/www.carbonneutralsiena.it\/it\/wp-json\/wp\/v2\/users\/5"}],"replies":[{"embeddable":true,"href":"https:\/\/www.carbonneutralsiena.it\/it\/wp-json\/wp\/v2\/comments?post=1373"}],"version-history":[{"count":21,"href":"https:\/\/www.carbonneutralsiena.it\/it\/wp-json\/wp\/v2\/posts\/1373\/revisions"}],"predecessor-version":[{"id":1410,"href":"https:\/\/www.carbonneutralsiena.it\/it\/wp-json\/wp\/v2\/posts\/1373\/revisions\/1410"}],"wp:featuredmedia":[{"embeddable":true,"href":"https:\/\/www.carbonneutralsiena.it\/it\/wp-json\/wp\/v2\/media\/1404"}],"wp:attachment":[{"href":"https:\/\/www.carbonneutralsiena.it\/it\/wp-json\/wp\/v2\/media?parent=1373"}],"wp:term":[{"taxonomy":"category","embeddable":true,"href":"https:\/\/www.carbonneutralsiena.it\/it\/wp-json\/wp\/v2\/categories?post=1373"},{"taxonomy":"post_tag","embeddable":true,"href":"https:\/\/www.carbonneutralsiena.it\/it\/wp-json\/wp\/v2\/tags?post=1373"}],"curies":[{"name":"wp","href":"https:\/\/api.w.org\/{rel}","templated":true}]}}